{"id":131,"date":"2016-09-30T10:42:09","date_gmt":"2016-09-30T08:42:09","guid":{"rendered":"http:\/\/www.avvocatiportogruaro.net\/WP\/?p=131"},"modified":"2016-09-30T10:42:09","modified_gmt":"2016-09-30T08:42:09","slug":"circolare-della-presidente-nuova-convenzione-per-lamministrazione-di-sostegno","status":"publish","type":"post","link":"http:\/\/www.avvocatiportogruaro.net\/WP\/?p=131","title":{"rendered":"Circolare della Presidente: Nuova convenzione per l\u2019amministrazione di sostegno"},"content":{"rendered":"<img alt='' src='http:\/\/1.gravatar.com\/avatar\/ad516503a11cd5ca435acc9bb6523536?s=1024&#038;d=mm&#038;r=g' srcset='http:\/\/1.gravatar.com\/avatar\/ad516503a11cd5ca435acc9bb6523536?s=2048&#038;d=mm&#038;r=g 2x' class='avatar avatar-originalwp-user-avatar wp-user-avatar-original photo' loading='lazy'\/>\n<p style=\"text-align: justify;\">Cari Colleghi,<br \/>\nin data 28 settembre u.s., nello studio del Presidente del Tribunale di Pordenone, Dott. Francesco Pedoja, \u00e8 stata ufficialmente sottoscritta una nuova <strong><span style=\"text-decoration: underline;\">Convenzione per la gestione e il finanziamento dello Sportello per l\u2019Amministrazione di Sostegno<\/span><\/strong>, patto che vede coinvolti per la prima volta tutti gli undici Comuni del mandamento portogruarese, il Tribunale di Pordenone oltre all\u2019Associazione AdS Rete di solidariet\u00e0 e naturalmente alla Camera degli Avvocati di Portogruaro.<br \/>\nIl nuovo testo, alla cui redazione abbiamo attivamente partecipato, \u00e8 molto pi\u00f9 articolato del precedente, non solo in quanto tiene conto degli aggiornamenti normativi, ma soprattutto perch\u00e9 costituisce la summa di un\u2019esperienza assolutamente pionieristica a livello regionale e che funge da modello per altre realt\u00e0 in prospettiva persino pi\u00f9 ampia.<br \/>\nSi tratta di un importante passaggio, in primo luogo perch\u00e9 il coinvolgimento di tutte le amministrazioni locali consentir\u00e0 agli operatori di svolgere un lavoro connotato da omogeneit\u00e0, consentendo anche l\u2019analisi delle differenti realt\u00e0 in un contesto, quello delle fragilit\u00e0, in continua evoluzione e che necessita della puntuale predisposizione di adeguati strumenti di tutela su molteplici fronti, non da ultimo quello giudiziale. Ne consegue, al di l\u00e0 delle ragioni istituzionali, l\u2019importanza che il Tribunale di Pordenone, nella persona del Presidente, si sia da sempre dimostrato attento e sensibile in materia, e la circostanza che la convenzione sia stata sottoscritta anche da Lui e davanti a Lui, giusta Suo invito, ne costituisce ulteriore testimonianza. Il Dott. Pedoja, con l\u2019occasione, ci ha anticipato non soltanto che l\u2019organico dei GOT aumenter\u00e0 di due unit\u00e0, a beneficio della volontaria giurisdizione, ma che l\u2019organico dei magistrati del Tribunale di Pordenone, per decisione distrettuale, sar\u00e0 implementato di un\u2019unit\u00e0.<br \/>\nInoltre, anche qui ineditamente, l\u2019orizzonte temporale si \u00e8 notevolmente ampliato: il coinvolgimento di tutti i Comuni del mandamento ha consentito una pianificazione triennale \u2014 fino al 2018 \u2014 e quindi consentendo un pi\u00f9 ampio respiro non soltanto dal punto di vista funzionale, ma anche economico.<br \/>\nIn ultima analisi, non si pu\u00f2 non cogliere l\u2019importanza del passaggio che vede la condivisione di un importante progetto a livello mandamentale: discutere di impegno sociale ed economico in prospettiva ultramunicipale in relazione ai fondamentali servizi per i cittadini si pu\u00f2, si deve.<br \/>\nE, non senza amarezza, aggiungo che si sarebbe potuto e dovuto fare anche per il Giudice di Pace.<br \/>\nAll\u2019atto della firma era presente anche la Collega Avv. Roberta Favretto, alla quale colgo l\u2019occasione per esprimere, a nome mio e di tutto il Foro, il pi\u00f9 sentito ringraziamento per il prezioso e generoso contributo prestato quale Delegata della Camera Avvocati nell\u2019attivit\u00e0 dello Sportello. Con Roberta saremo presenti anche alla conferenza stampa di presentazione della Convenzione, che si terr\u00e0 <span style=\"text-decoration: underline;\">luned\u00ec 3 ottobre p.v. presso il Municipio<\/span>, come da comunicazione allegata\u00a0<a href=\"http:\/\/www.avvocatiportogruaro.net\/WP\/?ddownload=130\" title=\"Download\" rel=\"nofollow\" class=\"ddownload-button button-blue id-130 ext-pdf\">Download<\/a>.<br \/>\nLa Convenzione verr\u00e0 registrata non appena perverranno le firme \u2014 in via telematica \u2014 dei Sindaci di tutti i Comuni. Quando sar\u00e0 resa disponibile, c\u2019\u00e8 gi\u00e0 intesa con i Servizi Sociali del Comune di Portogruaro che ci venga trasmessa e sar\u00e0 mia cura renderla disponibile per la pubblicazione sul nostro sito.<br \/>\nCon i miei migliori saluti.<br \/>\n<strong><em>La Presidente<\/em><\/strong><br \/>\n<strong><em>Avv. Ilaria Giraldo<\/em><\/strong><\/p>\n","protected":false},"excerpt":{"rendered":"<p>Cari Colleghi, in data 28 settembre u.s., nello studio del Presidente del Tribunale di Pordenone, Dott. Francesco Pedoja, \u00e8 stata ufficialmente sottoscritta una nuova Convenzione per la gestione e il finanziamento dello Sportello per l\u2019Amministrazione di Sostegno, patto che vede coinvolti per la prima volta tutti gli undici Comuni del mandamento portogruarese, il Tribunale di &hellip; <\/p>\n<p class=\"link-more\"><a href=\"http:\/\/www.avvocatiportogruaro.net\/WP\/?p=131\" class=\"more-link\">Leggi tutto<span class=\"screen-reader-text\"> &#8220;Circolare della Presidente: Nuova convenzione per l\u2019amministrazione di sostegno&#8221;<\/span><\/a><\/p>\n","protected":false},"author":4,"featured_media":0,"comment_status":"open","ping_status":"open","sticky":false,"template":"","format":"standard","meta":{"_bbp_topic_count":0,"_bbp_reply_count":0,"_bbp_total_topic_count":0,"_bbp_total_reply_count":0,"_bbp_voice_count":0,"_bbp_anonymous_reply_count":0,"_bbp_topic_count_hidden":0,"_bbp_reply_count_hidden":0,"_bbp_forum_subforum_count":0},"categories":[13],"tags":[14,15,16],"_links":{"self":[{"href":"http:\/\/www.avvocatiportogruaro.net\/WP\/index.php?rest_route=\/wp\/v2\/posts\/131"}],"collection":[{"href":"http:\/\/www.avvocatiportogruaro.net\/WP\/index.php?rest_route=\/wp\/v2\/posts"}],"about":[{"href":"http:\/\/www.avvocatiportogruaro.net\/WP\/index.php?rest_route=\/wp\/v2\/types\/post"}],"author":[{"embeddable":true,"href":"http:\/\/www.avvocatiportogruaro.net\/WP\/index.php?rest_route=\/wp\/v2\/users\/4"}],"replies":[{"embeddable":true,"href":"http:\/\/www.avvocatiportogruaro.net\/WP\/index.php?rest_route=%2Fwp%2Fv2%2Fcomments&post=131"}],"version-history":[{"count":3,"href":"http:\/\/www.avvocatiportogruaro.net\/WP\/index.php?rest_route=\/wp\/v2\/posts\/131\/revisions"}],"predecessor-version":[{"id":134,"href":"http:\/\/www.avvocatiportogruaro.net\/WP\/index.php?rest_route=\/wp\/v2\/posts\/131\/revisions\/134"}],"wp:attachment":[{"href":"http:\/\/www.avvocatiportogruaro.net\/WP\/index.php?rest_route=%2Fwp%2Fv2%2Fmedia&parent=131"}],"wp:term":[{"taxonomy":"category","embeddable":true,"href":"http:\/\/www.avvocatiportogruaro.net\/WP\/index.php?rest_route=%2Fwp%2Fv2%2Fcategories&post=131"},{"taxonomy":"post_tag","embeddable":true,"href":"http:\/\/www.avvocatiportogruaro.net\/WP\/index.php?rest_route=%2Fwp%2Fv2%2Ftags&post=131"}],"curies":[{"name":"wp","href":"https:\/\/api.w.org\/{rel}","templated":true}]}}