{"id":17,"date":"2015-04-07T17:15:52","date_gmt":"2015-04-07T15:15:52","guid":{"rendered":"http:\/\/www.avvocatiportogruaro.net\/WP\/?p=17"},"modified":"2016-01-27T10:09:59","modified_gmt":"2016-01-27T09:09:59","slug":"lavvocato-stratega-17-18-aprile-pp-vv","status":"publish","type":"post","link":"http:\/\/www.avvocatiportogruaro.net\/WP\/?p=17","title":{"rendered":"\u201cL\u2019Avvocato stratega\u201d (17-18 aprile pp.vv)"},"content":{"rendered":"<img alt='' src='http:\/\/1.gravatar.com\/avatar\/ad516503a11cd5ca435acc9bb6523536?s=1024&#038;d=mm&#038;r=g' srcset='http:\/\/1.gravatar.com\/avatar\/ad516503a11cd5ca435acc9bb6523536?s=2048&#038;d=mm&#038;r=g 2x' class='avatar avatar-largewp-user-avatar wp-user-avatar-large photo' loading='lazy'\/>\n<p>Carissimi Colleghi,<br \/>\ncome Vi \u00e8 stato reso noto dal Consiglio dell&#8217;Ordine, il Comitato Pari Opportunit\u00e0 \u00e8 promotore di un importante evento formativo che si terr\u00e0 in Pordenone nei giorni 17 e 18 aprile pp.vv., &#8216;L&#8217;Avvocato stratega&#8217; accreditato in materia di deontologia con 7 crediti.<br \/>\n\u00c8 mio particolare interesse e piacere segnalarVi l&#8217;iniziativa, che si pone come idealmente complementare (sia pur senza esserne la reiterazione, beninteso) di altro convegno &#8220;La leadership al femminile&#8221; (quest&#8217;ultimo, come intuibile, destinato esclusivamente alle Colleghe e tenutosi, sempre a Pordenone, nello scorso mese di dicembre) in cui era parimenti relatore il Dott. Carlo Du\u00f2, psicologo di fama nazionale, che da molti anni si occupa di tematiche afferenti all&#8217;attivit\u00e0 dei professionisti e in particolare modo degli avvocati.<br \/>\nPersonalmente ho avuto modo, in quell&#8217;occasione, di apprezzare non solo la competenza del Dott. Du\u00f2 ma anche il pregio di un&#8217;esperienza che trascende il campo professionale, quale momento di profonda riflessione anche dal punto di vista umano, su ci\u00f2 che quotidianamente siamo e siamo in grado di trasmettere di noi nel metterci in relazione con gli altri, siano essi i clienti, i colleghi, i giudici.<br \/>\nDiventa oggi sempre pi\u00f9 importante delineare gli obiettivi al fine di individuare il percorso migliore per conseguirli: certamente il convegno, siccome ideato, \u00e8 una preziosa opportunit\u00e0, a mio avviso, da non perdere.<br \/>\nPer facilitare gli spostamenti, i Colleghi di Portogruaro mettono ben volentieri a disposizione i posti liberi nella propria automobile: chi fosse interessato a usufruirne scriva pure a me direttamente o all&#8217;indirizzo della Camera.<br \/>\nMi auguro davvero di incontrarVi numerosi.<br \/>\nL&#8217;occasione mi \u00e8 gradita per formulare a Voi e ai Vostri cari i pi\u00f9 sinceri auguri per una Serena Pasqua.<br \/>\nLa Presidente<br \/>\nAvv. Ilaria Giraldo<\/p>\n","protected":false},"excerpt":{"rendered":"<p>Carissimi Colleghi, come Vi \u00e8 stato reso noto dal Consiglio dell&#8217;Ordine, il Comitato Pari Opportunit\u00e0 \u00e8 promotore di un importante evento formativo che si terr\u00e0 in Pordenone nei giorni 17 e 18 aprile pp.vv., &#8216;L&#8217;Avvocato stratega&#8217; accreditato in materia di deontologia con 7 crediti. \u00c8 mio particolare interesse e piacere segnalarVi l&#8217;iniziativa, che si pone &hellip; <\/p>\n<p class=\"link-more\"><a href=\"http:\/\/www.avvocatiportogruaro.net\/WP\/?p=17\" class=\"more-link\">Leggi tutto<span class=\"screen-reader-text\"> &#8220;\u201cL\u2019Avvocato stratega\u201d (17-18 aprile pp.vv)&#8221;<\/span><\/a><\/p>\n","protected":false},"author":4,"featured_media":0,"comment_status":"open","ping_status":"open","sticky":false,"template":"","format":"standard","meta":{"_bbp_topic_count":0,"_bbp_reply_count":0,"_bbp_total_topic_count":0,"_bbp_total_reply_count":0,"_bbp_voice_count":0,"_bbp_anonymous_reply_count":0,"_bbp_topic_count_hidden":0,"_bbp_reply_count_hidden":0,"_bbp_forum_subforum_count":0},"categories":[2],"tags":[],"_links":{"self":[{"href":"http:\/\/www.avvocatiportogruaro.net\/WP\/index.php?rest_route=\/wp\/v2\/posts\/17"}],"collection":[{"href":"http:\/\/www.avvocatiportogruaro.net\/WP\/index.php?rest_route=\/wp\/v2\/posts"}],"about":[{"href":"http:\/\/www.avvocatiportogruaro.net\/WP\/index.php?rest_route=\/wp\/v2\/types\/post"}],"author":[{"embeddable":true,"href":"http:\/\/www.avvocatiportogruaro.net\/WP\/index.php?rest_route=\/wp\/v2\/users\/4"}],"replies":[{"embeddable":true,"href":"http:\/\/www.avvocatiportogruaro.net\/WP\/index.php?rest_route=%2Fwp%2Fv2%2Fcomments&post=17"}],"version-history":[{"count":3,"href":"http:\/\/www.avvocatiportogruaro.net\/WP\/index.php?rest_route=\/wp\/v2\/posts\/17\/revisions"}],"predecessor-version":[{"id":67,"href":"http:\/\/www.avvocatiportogruaro.net\/WP\/index.php?rest_route=\/wp\/v2\/posts\/17\/revisions\/67"}],"wp:attachment":[{"href":"http:\/\/www.avvocatiportogruaro.net\/WP\/index.php?rest_route=%2Fwp%2Fv2%2Fmedia&parent=17"}],"wp:term":[{"taxonomy":"category","embeddable":true,"href":"http:\/\/www.avvocatiportogruaro.net\/WP\/index.php?rest_route=%2Fwp%2Fv2%2Fcategories&post=17"},{"taxonomy":"post_tag","embeddable":true,"href":"http:\/\/www.avvocatiportogruaro.net\/WP\/index.php?rest_route=%2Fwp%2Fv2%2Ftags&post=17"}],"curies":[{"name":"wp","href":"https:\/\/api.w.org\/{rel}","templated":true}]}}