{"id":412,"date":"2019-09-12T10:13:37","date_gmt":"2019-09-12T08:13:37","guid":{"rendered":"http:\/\/www.avvocatiportogruaro.net\/WP\/?p=412"},"modified":"2019-09-12T10:13:39","modified_gmt":"2019-09-12T08:13:39","slug":"assemblea-ordinaria-del-16-settembre-2019-per-rinnovo-del-comitato-direttivo-candidature-pervenute","status":"publish","type":"post","link":"http:\/\/www.avvocatiportogruaro.net\/WP\/?p=412","title":{"rendered":"Assemblea ordinaria del 16 settembre 2019 per rinnovo del Comitato Direttivo: candidature pervenute"},"content":{"rendered":"\n<div class=\"wp-block-image\"><figure class=\"alignleft is-resized\"><img loading=\"lazy\" src=\"http:\/\/www.avvocatiportogruaro.net\/WP\/wp-content\/uploads\/2018\/06\/Logo-2018-black-red-favicon.png\" alt=\"\" class=\"wp-image-317\" width=\"159\" height=\"159\" srcset=\"http:\/\/www.avvocatiportogruaro.net\/WP\/wp-content\/uploads\/2018\/06\/Logo-2018-black-red-favicon.png 600w, http:\/\/www.avvocatiportogruaro.net\/WP\/wp-content\/uploads\/2018\/06\/Logo-2018-black-red-favicon-150x150.png 150w, http:\/\/www.avvocatiportogruaro.net\/WP\/wp-content\/uploads\/2018\/06\/Logo-2018-black-red-favicon-300x300.png 300w, http:\/\/www.avvocatiportogruaro.net\/WP\/wp-content\/uploads\/2018\/06\/Logo-2018-black-red-favicon-500x500.png 500w\" sizes=\"(max-width: 159px) 100vw, 159px\" \/><\/figure><\/div>\n\n\n\n<p>Gentili Colleghe, gentili Colleghi,<br> in vista dell\u2019<strong>Assemblea<\/strong> ordinaria della Camera degli Avvocati di Portogruaro, indetta per il giorno <strong><span style=\"color:#cf2e2e\" class=\"tadv-color\">luned\u00ec 16 settembre p.v. a ore 17:30<\/span><\/strong>, <strong>presso la Sede in Portogruaro, Piazza Castello n. 1<\/strong>, anche per l\u2019<strong>elezione del nuovo Comitato Direttivo<\/strong>, comunichiamo che, a\u2019 sensi dell\u2019art. 7 dello Statuto, sono pervenute le seguenti candidature, riunite nella lista denominata \u201c<strong><span style=\"color:#cf2e2e\" class=\"tadv-color\">Continuit\u00e0 e collaborazione<\/span><\/strong>\u201d:<\/p>\n\n\n\n<p style=\"text-align:center\"><strong>Annalisa <span style=\"color:#cf2e2e\" class=\"tadv-color\">ARDUINI<\/span> (indicata Presidente)<br> Lorenzo <span style=\"color:#cf2e2e\" class=\"tadv-color\">FAVERO<\/span><br> Emanuele M. <span style=\"color:#cf2e2e\" class=\"tadv-color\">FORNER<\/span><br> Sara <span style=\"color:#cf2e2e\" class=\"tadv-color\">FURLANETTO<\/span><br> Eva <span style=\"color:#cf2e2e\" class=\"tadv-color\">ONGARETTO<\/span><br> Patrizia <span style=\"color:#cf2e2e\" class=\"tadv-color\">PERULLI<\/span><br> Luciano <span style=\"color:#cf2e2e\" class=\"tadv-color\">STRIULI<\/span><\/strong><\/p>\n\n\n\n<p>Ricordiamo che, a\u2019 sensi dell\u2019art. 7, comma 2-<em>quater<\/em>, dello Statuto, \u00abin sede di votazione, ciascun Associato potr\u00e0 indicare sino a 7 nominativi; potr\u00e0 indicare la lista, e in tal caso si intender\u00e0 che abbia votato tutti i suoi nominativi\u00bb.<br> Confidando nella massima partecipazione, porgiamo i migliori saluti.<br><em><strong> Camera degli Avvocati di Portogruaro<\/strong><\/em><\/p>\n\n\n","protected":false},"excerpt":{"rendered":"<p>Gentili Colleghe, gentili Colleghi, in vista dell\u2019Assemblea ordinaria della Camera degli Avvocati di Portogruaro, indetta per il giorno luned\u00ec 16 settembre p.v. a ore 17:30, presso la Sede in Portogruaro, Piazza Castello n. 1, anche per l\u2019elezione del nuovo Comitato Direttivo, comunichiamo che, a\u2019 sensi dell\u2019art. 7 dello Statuto, sono pervenute le seguenti candidature, riunite &hellip; <\/p>\n<p class=\"link-more\"><a href=\"http:\/\/www.avvocatiportogruaro.net\/WP\/?p=412\" class=\"more-link\">Leggi tutto<span class=\"screen-reader-text\"> &#8220;Assemblea ordinaria del 16 settembre 2019 per rinnovo del Comitato Direttivo: candidature pervenute&#8221;<\/span><\/a><\/p>\n","protected":false},"author":4,"featured_media":0,"comment_status":"closed","ping_status":"open","sticky":false,"template":"","format":"standard","meta":{"_bbp_topic_count":0,"_bbp_reply_count":0,"_bbp_total_topic_count":0,"_bbp_total_reply_count":0,"_bbp_voice_count":0,"_bbp_anonymous_reply_count":0,"_bbp_topic_count_hidden":0,"_bbp_reply_count_hidden":0,"_bbp_forum_subforum_count":0},"categories":[13],"tags":[17,34,35],"_links":{"self":[{"href":"http:\/\/www.avvocatiportogruaro.net\/WP\/index.php?rest_route=\/wp\/v2\/posts\/412"}],"collection":[{"href":"http:\/\/www.avvocatiportogruaro.net\/WP\/index.php?rest_route=\/wp\/v2\/posts"}],"about":[{"href":"http:\/\/www.avvocatiportogruaro.net\/WP\/index.php?rest_route=\/wp\/v2\/types\/post"}],"author":[{"embeddable":true,"href":"http:\/\/www.avvocatiportogruaro.net\/WP\/index.php?rest_route=\/wp\/v2\/users\/4"}],"replies":[{"embeddable":true,"href":"http:\/\/www.avvocatiportogruaro.net\/WP\/index.php?rest_route=%2Fwp%2Fv2%2Fcomments&post=412"}],"version-history":[{"count":1,"href":"http:\/\/www.avvocatiportogruaro.net\/WP\/index.php?rest_route=\/wp\/v2\/posts\/412\/revisions"}],"predecessor-version":[{"id":413,"href":"http:\/\/www.avvocatiportogruaro.net\/WP\/index.php?rest_route=\/wp\/v2\/posts\/412\/revisions\/413"}],"wp:attachment":[{"href":"http:\/\/www.avvocatiportogruaro.net\/WP\/index.php?rest_route=%2Fwp%2Fv2%2Fmedia&parent=412"}],"wp:term":[{"taxonomy":"category","embeddable":true,"href":"http:\/\/www.avvocatiportogruaro.net\/WP\/index.php?rest_route=%2Fwp%2Fv2%2Fcategories&post=412"},{"taxonomy":"post_tag","embeddable":true,"href":"http:\/\/www.avvocatiportogruaro.net\/WP\/index.php?rest_route=%2Fwp%2Fv2%2Ftags&post=412"}],"curies":[{"name":"wp","href":"https:\/\/api.w.org\/{rel}","templated":true}]}}